{"id":4494,"date":"2011-05-18T05:00:05","date_gmt":"2011-05-18T03:00:05","guid":{"rendered":"http:\/\/www.paridasclub.com\/wp\/?p=4494"},"modified":"2011-05-17T12:26:24","modified_gmt":"2011-05-17T10:26:24","slug":"concurso-de-barbas-2011","status":"publish","type":"post","link":"https:\/\/www.paridasclub.com\/wp\/concurso-de-barbas-2011\/","title":{"rendered":"Concurso de barbas 2011"},"content":{"rendered":"<p>Un peluquero alem\u00e1n se consagr\u00f3 ganador del Campeonato Mundial de Barbas y Bigotes, llevado a cabo en Noruega.<\/p>\n<p><img loading=\"lazy\" decoding=\"async\" class=\"aligncenter\" src=\"http:\/\/blstb.msn.com\/i\/C7\/AFDAA77852A4872F978FBEF9422068.jpg\" alt=\"\" width=\"256\" height=\"350\" \/><\/p>\n<p>Un peluquero alem\u00e1n se consagr\u00f3 ganador del Campeonato Mundial de Barbas y Bigotes, llevado a cabo en Trondheim(\u00a0Noruega).<\/p>\n<p>La ciudad noruega de Trondheim fue anfitriona del Campeonato Mundial de Barbas y Bigotes, que reuni\u00f3 a 161representantes de quince pa\u00edses diferentes. El peluquero alem\u00e1n Elman Weisser result\u00f3 elegido portador de la Mejor Barba del Mundo, gracias a un elaborado dise\u00f1o de un alce que llevaba en ella.<\/p>\n<p>Los jueces de la competencia aclararon que no se trata de un circo, no todo gira en torno al tama\u00f1o de la barba o el bigote. Tambi\u00e9n son tenidos en consideraci\u00f3n el cuidado del vello, c\u00f3mo se adapta a la cara de la persona, y finalmente c\u00f3mo luce.<\/p>\n<p>Los participantes ten\u00edan la opci\u00f3n de competir en cualquiera de las 17 categor\u00edas oficiales que forman parte del Campeonato. Entre ellas se destacan las de bigotes estilo Dal\u00ed y Fu Manchu, o estilos de barba Garibaldi o Imperial.<\/p>\n<p>Fuente: <a title=\"Concurso de Barbas MSN\" href=\"http:\/\/noticias.latam.msn.com\/co\/fotogaleria.aspx?cp-documentid=28743684\" target=\"_blank\">Noticias MSN<\/a><\/p>\n<div id=\"s-share-buttons\" class=\"horizontal-w-c-circular s-share-w-c\"><a href=\"http:\/\/www.facebook.com\/sharer.php?u=https:\/\/www.paridasclub.com\/wp\/concurso-de-barbas-2011\/\" target=\"_blank\" title=\"Share to Facebook\" class=\"s3-facebook hint--top\"><\/a><a href=\"http:\/\/twitter.com\/intent\/tweet?text=Concurso de barbas 2011&url=https:\/\/www.paridasclub.com\/wp\/concurso-de-barbas-2011\/\" target=\"_blank\"  title=\"Share to Twitter\" class=\"s3-twitter hint--top\"><\/a><a href=\"https:\/\/plus.google.com\/share?url=https:\/\/www.paridasclub.com\/wp\/concurso-de-barbas-2011\/\" target=\"_blank\"  title=\"Share to Google Plus\" class=\"s3-google-plus hint--top\"><\/a><a href=\"http:\/\/www.tumblr.com\/share\/link?url=https%3A%2F%2Fwww.paridasclub.com%2Fwp%2Fconcurso-de-barbas-2011%2F&name=Concurso+de+barbas+2011\" target=\"_blank\" title=\"Share to Tumblr\" class=\"s3-tumblr hint--top\"><\/a><a href=\"mailto:?Subject=Concurso%20de%20barbas%202011&Body=Here%20is%20the%20link%20to%20the%20article:%20https:\/\/www.paridasclub.com\/wp\/concurso-de-barbas-2011\/\" title=\"Email this article\" class=\"s3-email hint--top\"><\/a><\/div>","protected":false},"excerpt":{"rendered":"<p>Un peluquero alem\u00e1n se consagr\u00f3 ganador del Campeonato Mundial de Barbas y Bigotes, llevado a cabo en Noruega. Un peluquero alem\u00e1n se consagr\u00f3 ganador del Campeonato Mundial de Barbas y Bigotes, llevado a cabo en Trondheim(\u00a0Noruega). La ciudad noruega de Trondheim fue anfitriona del Campeonato Mundial de Barbas y Bigotes, que reuni\u00f3 a 161representantes de [&hellip;]<\/p>\n","protected":false},"author":3,"featured_media":0,"comment_status":"open","ping_status":"open","sticky":false,"template":"","format":"standard","meta":{"footnotes":""},"categories":[46,1],"tags":[2012,2010,2013,998,2011],"aioseo_notices":[],"_links":{"self":[{"href":"https:\/\/www.paridasclub.com\/wp\/wp-json\/wp\/v2\/posts\/4494"}],"collection":[{"href":"https:\/\/www.paridasclub.com\/wp\/wp-json\/wp\/v2\/posts"}],"about":[{"href":"https:\/\/www.paridasclub.com\/wp\/wp-json\/wp\/v2\/types\/post"}],"author":[{"embeddable":true,"href":"https:\/\/www.paridasclub.com\/wp\/wp-json\/wp\/v2\/users\/3"}],"replies":[{"embeddable":true,"href":"https:\/\/www.paridasclub.com\/wp\/wp-json\/wp\/v2\/comments?post=4494"}],"version-history":[{"count":3,"href":"https:\/\/www.paridasclub.com\/wp\/wp-json\/wp\/v2\/posts\/4494\/revisions"}],"predecessor-version":[{"id":4497,"href":"https:\/\/www.paridasclub.com\/wp\/wp-json\/wp\/v2\/posts\/4494\/revisions\/4497"}],"wp:attachment":[{"href":"https:\/\/www.paridasclub.com\/wp\/wp-json\/wp\/v2\/media?parent=4494"}],"wp:term":[{"taxonomy":"category","embeddable":true,"href":"https:\/\/www.paridasclub.com\/wp\/wp-json\/wp\/v2\/categories?post=4494"},{"taxonomy":"post_tag","embeddable":true,"href":"https:\/\/www.paridasclub.com\/wp\/wp-json\/wp\/v2\/tags?post=4494"}],"curies":[{"name":"wp","href":"https:\/\/api.w.org\/{rel}","templated":true}]}}