{"id":9042,"date":"2013-04-06T21:33:13","date_gmt":"2013-04-06T20:33:13","guid":{"rendered":"http:\/\/www.paridasclub.com\/wp\/?p=9042"},"modified":"2013-04-06T21:33:13","modified_gmt":"2013-04-06T20:33:13","slug":"la-razon-ada-colau-y-polonia","status":"publish","type":"post","link":"https:\/\/www.paridasclub.com\/wp\/la-razon-ada-colau-y-polonia\/","title":{"rendered":"La Raz\u00f3n, Ada Colau y Polonia"},"content":{"rendered":"<p>LA RAZON publica una foto de la Ada Colau del programa humor\u00edstico de TV3: Pol\u00f2nia, para ilustrar un &#8216;art\u00edculo&#8217; \u00a0contra la activista. \u00a0Se rumorea que las fotos de Rajoy las van a buscar al Media Markt, secci\u00f3n de TV de plasta..perd\u00f3n, plasma.<\/p>\n<p style=\"text-align: center;\"><img loading=\"lazy\" decoding=\"async\" class=\"aligncenter size-full wp-image-9043\" title=\"la-razon-ada-colau-polonia\" src=\"http:\/\/www.paridasclub.com\/wp\/wp-content\/uploads\/2013\/04\/la-razon-ada-colau-polonia.jpg\" alt=\"la-razon-ada-colau-polonia\" width=\"474\" height=\"438\" srcset=\"https:\/\/www.paridasclub.com\/wp\/wp-content\/uploads\/2013\/04\/la-razon-ada-colau-polonia.jpg 474w, https:\/\/www.paridasclub.com\/wp\/wp-content\/uploads\/2013\/04\/la-razon-ada-colau-polonia-300x277.jpg 300w\" sizes=\"(max-width: 474px) 100vw, 474px\" \/><\/p>\n<div id=\"s-share-buttons\" class=\"horizontal-w-c-circular s-share-w-c\"><a href=\"http:\/\/www.facebook.com\/sharer.php?u=https:\/\/www.paridasclub.com\/wp\/la-razon-ada-colau-y-polonia\/\" target=\"_blank\" title=\"Share to Facebook\" class=\"s3-facebook hint--top\"><\/a><a href=\"http:\/\/twitter.com\/intent\/tweet?text=La Raz\u00f3n, Ada Colau y Polonia&url=https:\/\/www.paridasclub.com\/wp\/la-razon-ada-colau-y-polonia\/\" target=\"_blank\"  title=\"Share to Twitter\" class=\"s3-twitter hint--top\"><\/a><a href=\"https:\/\/plus.google.com\/share?url=https:\/\/www.paridasclub.com\/wp\/la-razon-ada-colau-y-polonia\/\" target=\"_blank\"  title=\"Share to Google Plus\" class=\"s3-google-plus hint--top\"><\/a><a href=\"http:\/\/www.tumblr.com\/share\/link?url=https%3A%2F%2Fwww.paridasclub.com%2Fwp%2Fla-razon-ada-colau-y-polonia%2F&name=La+Raz%C3%B3n%2C+Ada+Colau+y+Polonia\" target=\"_blank\" title=\"Share to Tumblr\" class=\"s3-tumblr hint--top\"><\/a><a href=\"mailto:?Subject=La%20Raz\u00f3n,%20Ada%20Colau%20y%20Polonia&Body=Here%20is%20the%20link%20to%20the%20article:%20https:\/\/www.paridasclub.com\/wp\/la-razon-ada-colau-y-polonia\/\" title=\"Email this article\" class=\"s3-email hint--top\"><\/a><\/div>","protected":false},"excerpt":{"rendered":"<p>LA RAZON publica una foto de la Ada Colau del programa humor\u00edstico de TV3: Pol\u00f2nia, para ilustrar un &#8216;art\u00edculo&#8217; \u00a0contra la activista. \u00a0Se rumorea que las fotos de Rajoy las van a buscar al Media Markt, secci\u00f3n de TV de plasta..perd\u00f3n, plasma.<\/p>\n","protected":false},"author":3,"featured_media":0,"comment_status":"open","ping_status":"open","sticky":false,"template":"","format":"standard","meta":{"footnotes":""},"categories":[108,46,1],"tags":[5415,492,2264,7179,998,94],"aioseo_notices":[],"_links":{"self":[{"href":"https:\/\/www.paridasclub.com\/wp\/wp-json\/wp\/v2\/posts\/9042"}],"collection":[{"href":"https:\/\/www.paridasclub.com\/wp\/wp-json\/wp\/v2\/posts"}],"about":[{"href":"https:\/\/www.paridasclub.com\/wp\/wp-json\/wp\/v2\/types\/post"}],"author":[{"embeddable":true,"href":"https:\/\/www.paridasclub.com\/wp\/wp-json\/wp\/v2\/users\/3"}],"replies":[{"embeddable":true,"href":"https:\/\/www.paridasclub.com\/wp\/wp-json\/wp\/v2\/comments?post=9042"}],"version-history":[{"count":1,"href":"https:\/\/www.paridasclub.com\/wp\/wp-json\/wp\/v2\/posts\/9042\/revisions"}],"predecessor-version":[{"id":9044,"href":"https:\/\/www.paridasclub.com\/wp\/wp-json\/wp\/v2\/posts\/9042\/revisions\/9044"}],"wp:attachment":[{"href":"https:\/\/www.paridasclub.com\/wp\/wp-json\/wp\/v2\/media?parent=9042"}],"wp:term":[{"taxonomy":"category","embeddable":true,"href":"https:\/\/www.paridasclub.com\/wp\/wp-json\/wp\/v2\/categories?post=9042"},{"taxonomy":"post_tag","embeddable":true,"href":"https:\/\/www.paridasclub.com\/wp\/wp-json\/wp\/v2\/tags?post=9042"}],"curies":[{"name":"wp","href":"https:\/\/api.w.org\/{rel}","templated":true}]}}